{"id":414,"date":"2018-05-30T09:12:37","date_gmt":"2018-05-30T09:12:37","guid":{"rendered":"https:\/\/francomunoz.com\/?p=414"},"modified":"2026-03-22T09:03:53","modified_gmt":"2026-03-22T09:03:53","slug":"temo-que-pueda-ser-despedido-por-mi-lesion-puede-mi-empleador-despedirme","status":"publish","type":"post","link":"https:\/\/francomunoz.com\/es\/temo-que-pueda-ser-despedido-por-mi-lesion-puede-mi-empleador-despedirme\/","title":{"rendered":"La compa\u00f1\u00eda de seguros neg\u00f3 mi reclamo pero necesito tratamiento m\u00e9dico. \u00bfPuedo usar mi seguro m\u00e9dico privado?"},"content":{"rendered":"<p>Si su reclamo es negado, puede solicitar su seguro m\u00e9dico privado para tratar si su aseguradora est\u00e1 dispuesta a hacerlo. Adem\u00e1s, mantenga un registro de todos sus gastos de bolsillo, incluidos el millaje y los copagos (si tiene que hacer uno). Una pregunta frecuente es: &amp;iquest;puede mi empleador despedirme por una lesi&amp;oacute;n laboral? Si la compa\u00f1\u00eda de indemnizaci\u00f3n laboral finalmente acepta la reclamaci\u00f3n, su seguro m\u00e9dico privado puede presentar un gravamen ante la Junta de Apelaciones de Compensaci\u00f3n para Trabajadores. As\u00ed, puede intentar obtener un reembolso por los pagos que realiz\u00f3.<\/p>\n<p>Guarde sus recibos de copagos y el millaje. Entonces, si el PQME se inclina a su favor, puede exigir una compensaci\u00f3n por los copagos de su propio bolsillo y el millaje.<\/p>\n<p>Una vez que se deniega un reclamo, un transportista no puede objetar el tratamiento que sea razonablemente necesario para curar o aliviar los efectos de su lesi\u00f3n relacionada con el trabajo. Adem\u00e1s, haga un seguimiento de todo el tiempo que ha perdido del trabajo sin pago. De este modo, podr\u00e1 recibir un reembolso si el EDD no le proporciona beneficios.<\/p>\n<p>Es aconsejable que tambi\u00e9n consulte con un abogado acreditado de Compensaci\u00f3n de Trabajadores. No todos los PQME son buenos para redactar informes de calidad. Por eso, es importante que sepa qu\u00e9 m\u00e9dico elegir.<\/p>\n\n\n<div class=\"kk-star-ratings kksr-auto kksr-align-left kksr-valign-bottom kksr-disabled\"\n    data-payload='{&quot;align&quot;:&quot;left&quot;,&quot;id&quot;:&quot;414&quot;,&quot;readonly&quot;:&quot;1&quot;,&quot;slug&quot;:&quot;default&quot;,&quot;valign&quot;:&quot;bottom&quot;,&quot;ignore&quot;:&quot;&quot;,&quot;reference&quot;:&quot;auto&quot;,&quot;class&quot;:&quot;&quot;,&quot;count&quot;:&quot;0&quot;,&quot;legendonly&quot;:&quot;&quot;,&quot;score&quot;:&quot;0&quot;,&quot;starsonly&quot;:&quot;&quot;,&quot;best&quot;:&quot;5&quot;,&quot;gap&quot;:&quot;5&quot;,&quot;greet&quot;:&quot;Rate this post&quot;,&quot;legend&quot;:&quot;0\\\/5 - (0 votos)&quot;,&quot;size&quot;:&quot;24&quot;,&quot;title&quot;:&quot;La compa\u00f1\u00eda de seguros neg\u00f3 mi reclamo pero necesito tratamiento m\u00e9dico. \u00bfPuedo usar mi seguro m\u00e9dico privado?&quot;,&quot;width&quot;:&quot;0&quot;,&quot;_legend&quot;:&quot;{score}\\\/{best} - ({count} {votes})&quot;,&quot;font_factor&quot;:&quot;1.25&quot;}'>\n            \n<div class=\"kksr-stars\">\n    \n<div class=\"kksr-stars-inactive\">\n            <div class=\"kksr-star\" data-star=\"1\" style=\"padding-right: 5px\">\n            \n\n<div class=\"kksr-icon\" style=\"width: 24px; height: 24px;\"><\/div>\n        <\/div>\n            <div class=\"kksr-star\" data-star=\"2\" style=\"padding-right: 5px\">\n            \n\n<div class=\"kksr-icon\" style=\"width: 24px; height: 24px;\"><\/div>\n        <\/div>\n            <div class=\"kksr-star\" data-star=\"3\" style=\"padding-right: 5px\">\n            \n\n<div class=\"kksr-icon\" style=\"width: 24px; height: 24px;\"><\/div>\n        <\/div>\n            <div class=\"kksr-star\" data-star=\"4\" style=\"padding-right: 5px\">\n            \n\n<div class=\"kksr-icon\" style=\"width: 24px; height: 24px;\"><\/div>\n        <\/div>\n            <div class=\"kksr-star\" data-star=\"5\" style=\"padding-right: 5px\">\n            \n\n<div class=\"kksr-icon\" style=\"width: 24px; height: 24px;\"><\/div>\n        <\/div>\n    <\/div>\n    \n<div class=\"kksr-stars-active\" style=\"width: 0px;\">\n            <div class=\"kksr-star\" style=\"padding-right: 5px\">\n            \n\n<div class=\"kksr-icon\" style=\"width: 24px; height: 24px;\"><\/div>\n        <\/div>\n            <div class=\"kksr-star\" style=\"padding-right: 5px\">\n            \n\n<div class=\"kksr-icon\" style=\"width: 24px; height: 24px;\"><\/div>\n        <\/div>\n            <div class=\"kksr-star\" style=\"padding-right: 5px\">\n            \n\n<div class=\"kksr-icon\" style=\"width: 24px; height: 24px;\"><\/div>\n        <\/div>\n            <div class=\"kksr-star\" style=\"padding-right: 5px\">\n            \n\n<div class=\"kksr-icon\" style=\"width: 24px; height: 24px;\"><\/div>\n        <\/div>\n            <div class=\"kksr-star\" style=\"padding-right: 5px\">\n            \n\n<div class=\"kksr-icon\" style=\"width: 24px; height: 24px;\"><\/div>\n        <\/div>\n    <\/div>\n<\/div>\n                \n\n<div class=\"kksr-legend\" style=\"font-size: 19.2px;\">\n            <span class=\"kksr-muted\">Rate this post<\/span>\n    <\/div>\n    <\/div>\n","protected":false},"excerpt":{"rendered":"<p>Si su reclamo es negado, puede solicitar su seguro m\u00e9dico privado para tratar si su aseguradora est\u00e1 dispuesta a hacerlo. Adem\u00e1s, mantenga un registro de todos sus gastos de bolsillo, incluidos el millaje y los copagos (si tiene que hacer uno). Una pregunta frecuente es: &amp;iquest;puede mi empleador despedirme por una lesi&amp;oacute;n laboral? Si la [&hellip;]<\/p>\n","protected":false},"author":1,"featured_media":0,"comment_status":"closed","ping_status":"closed","sticky":false,"template":"","format":"standard","meta":{"_genesis_hide_title":false,"_genesis_hide_breadcrumbs":false,"_genesis_hide_singular_image":false,"_genesis_hide_footer_widgets":false,"_genesis_custom_body_class":"","_genesis_custom_post_class":"","_genesis_layout":"","footnotes":""},"categories":[748,747],"tags":[],"class_list":{"0":"post-414","1":"post","2":"type-post","3":"status-publish","4":"format-standard","6":"category-abogado-de-compensacion-laboral-es","7":"category-abogado-de-lesiones-laborales","8":"entry"},"yoast_head":"<!-- This site is optimized with the Yoast SEO Premium plugin v27.4 (Yoast SEO v27.4) - https:\/\/yoast.com\/product\/yoast-seo-premium-wordpress\/ -->\n<title>\u00bfPuede mi empleador despedirme por una lesi\u00f3n laboral? Consejos - Franco Mu\u00f1oz A Professional Corporation<\/title>\n<meta name=\"description\" content=\"Descubre si \u00bfpuede mi empleador despedirme por una lesi\u00f3n laboral? Aprende sobre tus derechos y los pasos a seguir.\" \/>\n<meta name=\"robots\" content=\"index, follow, max-snippet:-1, max-image-preview:large, max-video-preview:-1\" \/>\n<link rel=\"canonical\" href=\"https:\/\/francomunoz.com\/es\/temo-que-pueda-ser-despedido-por-mi-lesion-puede-mi-empleador-despedirme\/\" \/>\n<meta property=\"og:locale\" content=\"es_ES\" \/>\n<meta property=\"og:type\" content=\"article\" \/>\n<meta property=\"og:title\" content=\"La compa\u00f1\u00eda de seguros neg\u00f3 mi reclamo pero necesito tratamiento m\u00e9dico. \u00bfPuedo usar mi seguro m\u00e9dico privado?\" \/>\n<meta property=\"og:description\" content=\"Descubre si \u00bfpuede mi empleador despedirme por una lesi\u00f3n laboral? Aprende sobre tus derechos y los pasos a seguir.\" \/>\n<meta property=\"og:url\" content=\"https:\/\/francomunoz.com\/es\/temo-que-pueda-ser-despedido-por-mi-lesion-puede-mi-empleador-despedirme\/\" \/>\n<meta property=\"og:site_name\" content=\"Franco Mu\u00f1oz A Professional Corporation\" \/>\n<meta property=\"article:publisher\" content=\"https:\/\/www.facebook.com\/FrancoMunozLawFirm\/\" \/>\n<meta property=\"article:published_time\" content=\"2018-05-30T09:12:37+00:00\" \/>\n<meta property=\"article:modified_time\" content=\"2026-03-22T09:03:53+00:00\" \/>\n<meta name=\"author\" content=\"francoadmin\" \/>\n<meta name=\"twitter:card\" content=\"summary_large_image\" \/>\n<meta name=\"twitter:creator\" content=\"@FrancoMunozLaw\" \/>\n<meta name=\"twitter:site\" content=\"@FrancoMunozLaw\" \/>\n<meta name=\"twitter:label1\" content=\"Escrito por\" \/>\n\t<meta name=\"twitter:data1\" content=\"francoadmin\" \/>\n\t<meta name=\"twitter:label2\" content=\"Tiempo de lectura\" \/>\n\t<meta name=\"twitter:data2\" content=\"1 minuto\" \/>\n<!-- \/ Yoast SEO Premium plugin. -->","yoast_head_json":{"title":"\u00bfPuede mi empleador despedirme por una lesi\u00f3n laboral? Consejos - Franco Mu\u00f1oz A Professional Corporation","description":"Descubre si \u00bfpuede mi empleador despedirme por una lesi\u00f3n laboral? Aprende sobre tus derechos y los pasos a seguir.","robots":{"index":"index","follow":"follow","max-snippet":"max-snippet:-1","max-image-preview":"max-image-preview:large","max-video-preview":"max-video-preview:-1"},"canonical":"https:\/\/francomunoz.com\/es\/temo-que-pueda-ser-despedido-por-mi-lesion-puede-mi-empleador-despedirme\/","og_locale":"es_ES","og_type":"article","og_title":"La compa\u00f1\u00eda de seguros neg\u00f3 mi reclamo pero necesito tratamiento m\u00e9dico. \u00bfPuedo usar mi seguro m\u00e9dico privado?","og_description":"Descubre si \u00bfpuede mi empleador despedirme por una lesi\u00f3n laboral? Aprende sobre tus derechos y los pasos a seguir.","og_url":"https:\/\/francomunoz.com\/es\/temo-que-pueda-ser-despedido-por-mi-lesion-puede-mi-empleador-despedirme\/","og_site_name":"Franco Mu\u00f1oz A Professional Corporation","article_publisher":"https:\/\/www.facebook.com\/FrancoMunozLawFirm\/","article_published_time":"2018-05-30T09:12:37+00:00","article_modified_time":"2026-03-22T09:03:53+00:00","author":"francoadmin","twitter_card":"summary_large_image","twitter_creator":"@FrancoMunozLaw","twitter_site":"@FrancoMunozLaw","twitter_misc":{"Escrito por":"francoadmin","Tiempo de lectura":"1 minuto"},"schema":{"@context":"https:\/\/schema.org","@graph":[{"@type":"Article","@id":"https:\/\/francomunoz.com\/es\/temo-que-pueda-ser-despedido-por-mi-lesion-puede-mi-empleador-despedirme\/#article","isPartOf":{"@id":"https:\/\/francomunoz.com\/es\/temo-que-pueda-ser-despedido-por-mi-lesion-puede-mi-empleador-despedirme\/"},"author":{"name":"francoadmin","@id":"https:\/\/francomunoz.com\/es\/#\/schema\/person\/2b03249ea85b7bbbc0203921e6cf26ce"},"headline":"La compa\u00f1\u00eda de seguros neg\u00f3 mi reclamo pero necesito tratamiento m\u00e9dico. \u00bfPuedo usar mi seguro m\u00e9dico privado?","datePublished":"2018-05-30T09:12:37+00:00","dateModified":"2026-03-22T09:03:53+00:00","mainEntityOfPage":{"@id":"https:\/\/francomunoz.com\/es\/temo-que-pueda-ser-despedido-por-mi-lesion-puede-mi-empleador-despedirme\/"},"wordCount":253,"publisher":{"@id":"https:\/\/francomunoz.com\/es\/#organization"},"articleSection":["Abogado de Compensaci\u00f3n Laboral","Abogado de Lesiones Laborales"],"inLanguage":"es"},{"@type":"WebPage","@id":"https:\/\/francomunoz.com\/es\/temo-que-pueda-ser-despedido-por-mi-lesion-puede-mi-empleador-despedirme\/","url":"https:\/\/francomunoz.com\/es\/temo-que-pueda-ser-despedido-por-mi-lesion-puede-mi-empleador-despedirme\/","name":"\u00bfPuede mi empleador despedirme por una lesi\u00f3n laboral? Consejos - Franco Mu\u00f1oz A Professional Corporation","isPartOf":{"@id":"https:\/\/francomunoz.com\/es\/#website"},"datePublished":"2018-05-30T09:12:37+00:00","dateModified":"2026-03-22T09:03:53+00:00","description":"Descubre si \u00bfpuede mi empleador despedirme por una lesi\u00f3n laboral? Aprende sobre tus derechos y los pasos a seguir.","breadcrumb":{"@id":"https:\/\/francomunoz.com\/es\/temo-que-pueda-ser-despedido-por-mi-lesion-puede-mi-empleador-despedirme\/#breadcrumb"},"inLanguage":"es","potentialAction":[{"@type":"ReadAction","target":["https:\/\/francomunoz.com\/es\/temo-que-pueda-ser-despedido-por-mi-lesion-puede-mi-empleador-despedirme\/"]}]},{"@type":"BreadcrumbList","@id":"https:\/\/francomunoz.com\/es\/temo-que-pueda-ser-despedido-por-mi-lesion-puede-mi-empleador-despedirme\/#breadcrumb","itemListElement":[{"@type":"ListItem","position":1,"name":"Home","item":"https:\/\/francomunoz.com\/es\/"},{"@type":"ListItem","position":2,"name":"La compa\u00f1\u00eda de seguros neg\u00f3 mi reclamo pero necesito tratamiento m\u00e9dico. \u00bfPuedo usar mi seguro m\u00e9dico privado?"}]},{"@type":"WebSite","@id":"https:\/\/francomunoz.com\/es\/#website","url":"https:\/\/francomunoz.com\/es\/","name":"Oakland Workers Comp Attorney | Franco Munoz","description":"Best Workers Compensation Lawyers","publisher":{"@id":"https:\/\/francomunoz.com\/es\/#organization"},"potentialAction":[{"@type":"SearchAction","target":{"@type":"EntryPoint","urlTemplate":"https:\/\/francomunoz.com\/es\/?s={search_term_string}"},"query-input":{"@type":"PropertyValueSpecification","valueRequired":true,"valueName":"search_term_string"}}],"inLanguage":"es"},{"@type":"Organization","@id":"https:\/\/francomunoz.com\/es\/#organization","name":"Franco Munoz, Workers' Compensation Lawyers","url":"https:\/\/francomunoz.com\/es\/","logo":{"@type":"ImageObject","inLanguage":"es","@id":"https:\/\/francomunoz.com\/es\/#\/schema\/logo\/image\/","url":"https:\/\/francomunoz.com\/wp-content\/uploads\/2018\/01\/footer-logo-img.png","contentUrl":"https:\/\/francomunoz.com\/wp-content\/uploads\/2018\/01\/footer-logo-img.png","width":538,"height":84,"caption":"Franco Munoz, Workers' Compensation Lawyers"},"image":{"@id":"https:\/\/francomunoz.com\/es\/#\/schema\/logo\/image\/"},"sameAs":["https:\/\/www.facebook.com\/FrancoMunozLawFirm\/","https:\/\/x.com\/FrancoMunozLaw","https:\/\/www.linkedin.com\/company\/francomunoz\/"],"diversityStaffingReport":"https:\/\/francomunoz.com\/top-workers-compensation-lawyers-california\/diversity-equity-inclusion\/"},{"@type":"Person","@id":"https:\/\/francomunoz.com\/es\/#\/schema\/person\/2b03249ea85b7bbbc0203921e6cf26ce","name":"francoadmin","image":{"@type":"ImageObject","inLanguage":"es","@id":"https:\/\/secure.gravatar.com\/avatar\/8602f9db57af30c9535b14a12ddde3067368d8da46fa47eebc1a3401c432af1e?s=96&d=mm&r=g","url":"https:\/\/secure.gravatar.com\/avatar\/8602f9db57af30c9535b14a12ddde3067368d8da46fa47eebc1a3401c432af1e?s=96&d=mm&r=g","contentUrl":"https:\/\/secure.gravatar.com\/avatar\/8602f9db57af30c9535b14a12ddde3067368d8da46fa47eebc1a3401c432af1e?s=96&d=mm&r=g","caption":"francoadmin"}}]}},"_links":{"self":[{"href":"https:\/\/francomunoz.com\/es\/wp-json\/wp\/v2\/posts\/414","targetHints":{"allow":["GET"]}}],"collection":[{"href":"https:\/\/francomunoz.com\/es\/wp-json\/wp\/v2\/posts"}],"about":[{"href":"https:\/\/francomunoz.com\/es\/wp-json\/wp\/v2\/types\/post"}],"author":[{"embeddable":true,"href":"https:\/\/francomunoz.com\/es\/wp-json\/wp\/v2\/users\/1"}],"replies":[{"embeddable":true,"href":"https:\/\/francomunoz.com\/es\/wp-json\/wp\/v2\/comments?post=414"}],"version-history":[{"count":0,"href":"https:\/\/francomunoz.com\/es\/wp-json\/wp\/v2\/posts\/414\/revisions"}],"wp:attachment":[{"href":"https:\/\/francomunoz.com\/es\/wp-json\/wp\/v2\/media?parent=414"}],"wp:term":[{"taxonomy":"category","embeddable":true,"href":"https:\/\/francomunoz.com\/es\/wp-json\/wp\/v2\/categories?post=414"},{"taxonomy":"post_tag","embeddable":true,"href":"https:\/\/francomunoz.com\/es\/wp-json\/wp\/v2\/tags?post=414"}],"curies":[{"name":"wp","href":"https:\/\/api.w.org\/{rel}","templated":true}]}}