{"id":1657,"date":"2025-02-01T01:17:50","date_gmt":"2025-02-01T01:17:50","guid":{"rendered":"https:\/\/francomunoz.com\/navegando-reclamos-de-compensacion-laboral-por-lesiones-psicologicas-comprendiendo-los-reclamos-por-dano-psicologico\/"},"modified":"2025-01-05T01:19:10","modified_gmt":"2025-01-05T01:19:10","slug":"navegando-reclamos-de-compensacion-laboral-por-lesiones-psicologicas-comprendiendo-los-reclamos-por-dano-psicologico","status":"publish","type":"post","link":"https:\/\/francomunoz.com\/es\/navegando-reclamos-de-compensacion-laboral-por-lesiones-psicologicas-comprendiendo-los-reclamos-por-dano-psicologico\/","title":{"rendered":"Navegando Reclamos de Compensaci\u00f3n Laboral por Lesiones Psicol\u00f3gicas: Comprendiendo los Reclamos por Da\u00f1o Psicol\u00f3gico"},"content":{"rendered":"<p>Por Rene Munoz<\/p>\n<p>Recientes acusaciones de alto perfil contra figuras prominentes como Sean \u00abDiddy\u00bb Combs y Jay-Z han puesto en primer plano cuestiones relacionadas con el trauma psicol\u00f3gico y la salud mental. Estos casos resaltan el impacto profundo que las lesiones psicol\u00f3gicas pueden tener en las personas, subrayando la importancia de reconocer y abordar las preocupaciones de salud mental en varios contextos, incluido el laboral.<\/p>\n<p><img class=\"aligncenter size-full wp-image-1655 lazyload\" data-src=\"https:\/\/francomunoz.com\/wp-content\/uploads\/2025\/01\/Psyche-intake.jpg\" alt=\"\" width=\"1024\" height=\"1024\" data-srcset=\"https:\/\/francomunoz.com\/wp-content\/uploads\/2025\/01\/Psyche-intake.jpg 1024w, https:\/\/francomunoz.com\/wp-content\/uploads\/2025\/01\/Psyche-intake-300x300.jpg 300w, https:\/\/francomunoz.com\/wp-content\/uploads\/2025\/01\/Psyche-intake-150x150.jpg 150w, https:\/\/francomunoz.com\/wp-content\/uploads\/2025\/01\/Psyche-intake-768x768.jpg 768w\" data-sizes=\"(max-width: 1024px) 100vw, 1024px\" src=\"data:image\/svg+xml;base64,PHN2ZyB3aWR0aD0iMSIgaGVpZ2h0PSIxIiB4bWxucz0iaHR0cDovL3d3dy53My5vcmcvMjAwMC9zdmciPjwvc3ZnPg==\" style=\"--smush-placeholder-width: 1024px; --smush-placeholder-aspect-ratio: 1024\/1024;\" \/><\/p>\n<p>En el \u00e1mbito de la compensaci\u00f3n laboral, los reclamos por lesiones psicol\u00f3gicas son complejos y a menudo dif\u00edciles de manejar. Comprender las particularidades de estos reclamos es esencial para los empleados que buscan compensaci\u00f3n por lesiones psicol\u00f3gicas relacionadas con el trabajo.<\/p>\n<h3>Comprendiendo los Reclamos por Lesiones Psicol\u00f3gicas en la Compensaci\u00f3n Laboral<\/h3>\n<p>Las lesiones psicol\u00f3gicas, tambi\u00e9n conocidas como lesiones mentales, se refieren a condiciones de salud mental que surgen debido a factores estresantes relacionados con el trabajo sin una lesi\u00f3n f\u00edsica acompa\u00f1ante. Estas pueden incluir trastornos como depresi\u00f3n, ansiedad o trastorno de estr\u00e9s postraum\u00e1tico (TEPT) resultantes de incidentes laborales como acoso, intimidaci\u00f3n o exposici\u00f3n a eventos traum\u00e1ticos.<\/p>\n<p><strong>Aspectos Clave de los Reclamos por Lesiones Psicol\u00f3gicas:<\/strong><\/p>\n<ol>\n<li><strong>Causalidad:<\/strong> Establecer un v\u00ednculo directo entre el lugar de trabajo y la lesi\u00f3n psicol\u00f3gica es fundamental. Los empleados deben demostrar que su condici\u00f3n de salud mental fue causada predominantemente por factores relacionados con el trabajo.<\/li>\n<li><strong>Evidencia M\u00e9dica:<\/strong> La documentaci\u00f3n m\u00e9dica completa de profesionales calificados en salud mental es esencial para respaldar el reclamo. Esto incluye evaluaciones detalladas, diagn\u00f3sticos y planes de tratamiento.<\/li>\n<li><strong>Plazos para Reportar:<\/strong> Informar sobre las lesiones psicol\u00f3gicas de manera oportuna es vital. Los retrasos en el reporte pueden complicar el proceso de reclamos y pueden dar lugar a disputas sobre la validez del caso.<\/li>\n<li><strong>Representaci\u00f3n Legal:<\/strong> Dada la complejidad de los reclamos por lesiones psicol\u00f3gicas, consultar con un abogado experimentado en compensaci\u00f3n laboral puede proporcionar orientaci\u00f3n y defensa invaluable durante todo el proceso.<\/li>\n<\/ol>\n<h3>Desaf\u00edos al Presentar Reclamos por Lesiones Psicol\u00f3gicas<\/h3>\n<p>Aunque las lesiones f\u00edsicas suelen ser m\u00e1s f\u00e1ciles de documentar y validar, las lesiones psicol\u00f3gicas presentan desaf\u00edos \u00fanicos:<\/p>\n<ul>\n<li><strong>Subjetividad:<\/strong> Las condiciones de salud mental son inherentemente subjetivas, lo que dificulta medir y probar la magnitud de la lesi\u00f3n.<\/li>\n<li><strong>Estigma:<\/strong> A pesar de la creciente conciencia, el estigma relacionado con la salud mental puede generar escepticismo y sesgo, lo que puede afectar el resultado de los reclamos.<\/li>\n<li><strong>Defensa del Empleador:<\/strong> Los empleadores pueden impugnar los reclamos por lesiones psicol\u00f3gicas argumentando que la condici\u00f3n no est\u00e1 relacionada con el trabajo o que era preexistente.<\/li>\n<\/ul>\n<h3>La Importancia de la Conciencia Sobre la Salud Mental en el Lugar de Trabajo<\/h3>\n<p>Las recientes acusaciones contra figuras p\u00fablicas destacan la naturaleza generalizada del trauma psicol\u00f3gico y la necesidad de entornos de trabajo que prioricen el bienestar mental. Los empleadores desempe\u00f1an un papel fundamental en fomentar estos entornos mediante:<\/p>\n<ul>\n<li><strong>Implementaci\u00f3n de Programas de Salud Mental:<\/strong> Proporcionar recursos y apoyo para que los empleados aborden de manera proactiva las preocupaciones de salud mental.<\/li>\n<li><strong>Establecimiento de Mecanismos Claros para Reportar:<\/strong> Asegurar que los empleados se sientan seguros al reportar lesiones psicol\u00f3gicas sin temor a represalias o juicios.<\/li>\n<li><strong>Promoci\u00f3n de una Cultura de Empat\u00eda y Apoyo:<\/strong> Fomentar discusiones abiertas sobre salud mental para reducir el estigma y promover la comprensi\u00f3n.<\/li>\n<\/ul>\n<h3>Conclusi\u00f3n<\/h3>\n<p>A medida que la conciencia social sobre el trauma psicol\u00f3gico sigue creciendo, es imperativo que los sistemas de compensaci\u00f3n laboral se adapten para abordar y respaldar de manera efectiva los reclamos relacionados con lesiones psicol\u00f3gicas. Los empleados que sufren condiciones de salud mental relacionadas con el trabajo merecen reconocimiento y compensaci\u00f3n equivalente a aquellos con lesiones f\u00edsicas.<\/p>\n<p>Si cree que ha sufrido una lesi\u00f3n psicol\u00f3gica debido a su entorno laboral, buscar asesor\u00eda legal puede ayudarle a navegar las complejidades de presentar un reclamo. En Franco Mu\u00f1oz, estamos comprometidos a defender los derechos de los trabajadores lesionados, asegurando que reciban el apoyo y la compensaci\u00f3n que merecen.<\/p>\n<p><strong>Acerca del Autor: Rene Mu\u00f1oz<\/strong><\/p>\n<p><a href=\"https:\/\/francomunoz.com\/es\/rene-munoz\/\">Rene Mu\u00f1oz<\/a> es un abogado dedicado a la compensaci\u00f3n laboral y cofundador del bufete Franco Mu\u00f1oz. Con amplia experiencia en la gesti\u00f3n de reclamos por lesiones complejas, incluidas lesiones psicol\u00f3gicas, Rene est\u00e1 comprometido a proporcionar representaci\u00f3n compasiva y efectiva para los trabajadores lesionados. Su experiencia y dedicaci\u00f3n han sido fundamentales para asegurar resultados favorables para numerosos clientes.<\/p>\n<p><em>Para m\u00e1s informaci\u00f3n o para programar una consulta, contacte a Franco Mu\u00f1oz al (510) 257-4141 o visite <a href=\"https:\/\/www.francomunoz.com\" target=\"_new\" rel=\"noopener\">www.francomunoz.com<\/a>.<\/em><\/p>\n\n\n<div class=\"kk-star-ratings kksr-auto kksr-align-left kksr-valign-bottom kksr-disabled\"\n    data-payload='{&quot;align&quot;:&quot;left&quot;,&quot;id&quot;:&quot;1657&quot;,&quot;readonly&quot;:&quot;1&quot;,&quot;slug&quot;:&quot;default&quot;,&quot;valign&quot;:&quot;bottom&quot;,&quot;ignore&quot;:&quot;&quot;,&quot;reference&quot;:&quot;auto&quot;,&quot;class&quot;:&quot;&quot;,&quot;count&quot;:&quot;0&quot;,&quot;legendonly&quot;:&quot;&quot;,&quot;score&quot;:&quot;0&quot;,&quot;starsonly&quot;:&quot;&quot;,&quot;best&quot;:&quot;5&quot;,&quot;gap&quot;:&quot;5&quot;,&quot;greet&quot;:&quot;Rate this post&quot;,&quot;legend&quot;:&quot;0\\\/5 - (0 votos)&quot;,&quot;size&quot;:&quot;24&quot;,&quot;title&quot;:&quot;Navegando Reclamos de Compensaci\u00f3n Laboral por Lesiones Psicol\u00f3gicas: Comprendiendo los Reclamos por Da\u00f1o Psicol\u00f3gico&quot;,&quot;width&quot;:&quot;0&quot;,&quot;_legend&quot;:&quot;{score}\\\/{best} - ({count} {votes})&quot;,&quot;font_factor&quot;:&quot;1.25&quot;}'>\n            \n<div class=\"kksr-stars\">\n    \n<div class=\"kksr-stars-inactive\">\n            <div class=\"kksr-star\" data-star=\"1\" style=\"padding-right: 5px\">\n            \n\n<div class=\"kksr-icon\" style=\"width: 24px; height: 24px;\"><\/div>\n        <\/div>\n            <div class=\"kksr-star\" data-star=\"2\" style=\"padding-right: 5px\">\n            \n\n<div class=\"kksr-icon\" style=\"width: 24px; height: 24px;\"><\/div>\n        <\/div>\n            <div class=\"kksr-star\" data-star=\"3\" style=\"padding-right: 5px\">\n            \n\n<div class=\"kksr-icon\" style=\"width: 24px; height: 24px;\"><\/div>\n        <\/div>\n            <div class=\"kksr-star\" data-star=\"4\" style=\"padding-right: 5px\">\n            \n\n<div class=\"kksr-icon\" style=\"width: 24px; height: 24px;\"><\/div>\n        <\/div>\n            <div class=\"kksr-star\" data-star=\"5\" style=\"padding-right: 5px\">\n            \n\n<div class=\"kksr-icon\" style=\"width: 24px; height: 24px;\"><\/div>\n        <\/div>\n    <\/div>\n    \n<div class=\"kksr-stars-active\" style=\"width: 0px;\">\n            <div class=\"kksr-star\" style=\"padding-right: 5px\">\n            \n\n<div class=\"kksr-icon\" style=\"width: 24px; height: 24px;\"><\/div>\n        <\/div>\n            <div class=\"kksr-star\" style=\"padding-right: 5px\">\n            \n\n<div class=\"kksr-icon\" style=\"width: 24px; height: 24px;\"><\/div>\n        <\/div>\n            <div class=\"kksr-star\" style=\"padding-right: 5px\">\n            \n\n<div class=\"kksr-icon\" style=\"width: 24px; height: 24px;\"><\/div>\n        <\/div>\n            <div class=\"kksr-star\" style=\"padding-right: 5px\">\n            \n\n<div class=\"kksr-icon\" style=\"width: 24px; height: 24px;\"><\/div>\n        <\/div>\n            <div class=\"kksr-star\" style=\"padding-right: 5px\">\n            \n\n<div class=\"kksr-icon\" style=\"width: 24px; height: 24px;\"><\/div>\n        <\/div>\n    <\/div>\n<\/div>\n                \n\n<div class=\"kksr-legend\" style=\"font-size: 19.2px;\">\n            <span class=\"kksr-muted\">Rate this post<\/span>\n    <\/div>\n    <\/div>\n","protected":false},"excerpt":{"rendered":"<p>Por Rene Munoz Recientes acusaciones de alto perfil contra figuras prominentes como Sean \u00abDiddy\u00bb Combs y Jay-Z han puesto en primer plano cuestiones relacionadas con el trauma psicol\u00f3gico y la salud mental. Estos casos resaltan el impacto profundo que las lesiones psicol\u00f3gicas pueden tener en las personas, subrayando la importancia de reconocer y abordar las [&hellip;]<\/p>\n","protected":false},"author":1,"featured_media":0,"comment_status":"closed","ping_status":"closed","sticky":false,"template":"","format":"standard","meta":{"_genesis_hide_title":false,"_genesis_hide_breadcrumbs":false,"_genesis_hide_singular_image":false,"_genesis_hide_footer_widgets":false,"_genesis_custom_body_class":"","_genesis_custom_post_class":"","_genesis_layout":"","footnotes":""},"categories":[733,748,714,764],"tags":[],"class_list":{"0":"post-1657","1":"post","2":"type-post","3":"status-publish","4":"format-standard","6":"category-abogado-de-accidentes-de-trafico","7":"category-abogado-de-compensacion-laboral-es","8":"category-caso-de-compensacion-al-trabajador","9":"category-compromiso-y-liberacion","10":"entry"},"yoast_head":"<!-- This site is optimized with the Yoast SEO Premium plugin v27.4 (Yoast SEO v27.4) - https:\/\/yoast.com\/product\/yoast-seo-premium-wordpress\/ -->\n<title>Navegando Reclamos de Compensaci\u00f3n Laboral por Lesiones Psicol\u00f3gicas: Comprendiendo los Reclamos por Da\u00f1o Psicol\u00f3gico - Franco Mu\u00f1oz A Professional Corporation<\/title>\n<meta name=\"description\" content=\"Explore las complejidades de los reclamos de compensaci\u00f3n laboral por lesiones psicol\u00f3gicas, incluyendo condiciones de salud mental como TEPT y ansiedad causadas por traumas laborales. Aprenda c\u00f3mo manejar estos reclamos y la importancia de la conciencia sobre la salud mental en el lugar de trabajo\" \/>\n<meta name=\"robots\" content=\"index, follow, max-snippet:-1, max-image-preview:large, max-video-preview:-1\" \/>\n<link rel=\"canonical\" href=\"https:\/\/francomunoz.com\/es\/navegando-reclamos-de-compensacion-laboral-por-lesiones-psicologicas-comprendiendo-los-reclamos-por-dano-psicologico\/\" \/>\n<meta property=\"og:locale\" content=\"es_ES\" \/>\n<meta property=\"og:type\" content=\"article\" \/>\n<meta property=\"og:title\" content=\"Navegando Reclamos de Compensaci\u00f3n Laboral por Lesiones Psicol\u00f3gicas: Comprendiendo los Reclamos por Da\u00f1o Psicol\u00f3gico\" \/>\n<meta property=\"og:description\" content=\"Explore las complejidades de los reclamos de compensaci\u00f3n laboral por lesiones psicol\u00f3gicas, incluyendo condiciones de salud mental como TEPT y ansiedad causadas por traumas laborales. Aprenda c\u00f3mo manejar estos reclamos y la importancia de la conciencia sobre la salud mental en el lugar de trabajo\" \/>\n<meta property=\"og:url\" content=\"https:\/\/francomunoz.com\/es\/navegando-reclamos-de-compensacion-laboral-por-lesiones-psicologicas-comprendiendo-los-reclamos-por-dano-psicologico\/\" \/>\n<meta property=\"og:site_name\" content=\"Franco Mu\u00f1oz A Professional Corporation\" \/>\n<meta property=\"article:publisher\" content=\"https:\/\/www.facebook.com\/FrancoMunozLawFirm\/\" \/>\n<meta property=\"article:published_time\" content=\"2025-02-01T01:17:50+00:00\" \/>\n<meta property=\"og:image\" content=\"https:\/\/francomunoz.com\/wp-content\/uploads\/2025\/01\/Psyche-intake.jpg\" \/>\n\t<meta property=\"og:image:width\" content=\"1024\" \/>\n\t<meta property=\"og:image:height\" content=\"1024\" \/>\n\t<meta property=\"og:image:type\" content=\"image\/jpeg\" \/>\n<meta name=\"author\" content=\"francoadmin\" \/>\n<meta name=\"twitter:card\" content=\"summary_large_image\" \/>\n<meta name=\"twitter:creator\" content=\"@FrancoMunozLaw\" \/>\n<meta name=\"twitter:site\" content=\"@FrancoMunozLaw\" \/>\n<meta name=\"twitter:label1\" content=\"Escrito por\" \/>\n\t<meta name=\"twitter:data1\" content=\"francoadmin\" \/>\n\t<meta name=\"twitter:label2\" content=\"Tiempo de lectura\" \/>\n\t<meta name=\"twitter:data2\" content=\"4 minutos\" \/>\n<!-- \/ Yoast SEO Premium plugin. -->","yoast_head_json":{"title":"Navegando Reclamos de Compensaci\u00f3n Laboral por Lesiones Psicol\u00f3gicas: Comprendiendo los Reclamos por Da\u00f1o Psicol\u00f3gico - Franco Mu\u00f1oz A Professional Corporation","description":"Explore las complejidades de los reclamos de compensaci\u00f3n laboral por lesiones psicol\u00f3gicas, incluyendo condiciones de salud mental como TEPT y ansiedad causadas por traumas laborales. Aprenda c\u00f3mo manejar estos reclamos y la importancia de la conciencia sobre la salud mental en el lugar de trabajo","robots":{"index":"index","follow":"follow","max-snippet":"max-snippet:-1","max-image-preview":"max-image-preview:large","max-video-preview":"max-video-preview:-1"},"canonical":"https:\/\/francomunoz.com\/es\/navegando-reclamos-de-compensacion-laboral-por-lesiones-psicologicas-comprendiendo-los-reclamos-por-dano-psicologico\/","og_locale":"es_ES","og_type":"article","og_title":"Navegando Reclamos de Compensaci\u00f3n Laboral por Lesiones Psicol\u00f3gicas: Comprendiendo los Reclamos por Da\u00f1o Psicol\u00f3gico","og_description":"Explore las complejidades de los reclamos de compensaci\u00f3n laboral por lesiones psicol\u00f3gicas, incluyendo condiciones de salud mental como TEPT y ansiedad causadas por traumas laborales. Aprenda c\u00f3mo manejar estos reclamos y la importancia de la conciencia sobre la salud mental en el lugar de trabajo","og_url":"https:\/\/francomunoz.com\/es\/navegando-reclamos-de-compensacion-laboral-por-lesiones-psicologicas-comprendiendo-los-reclamos-por-dano-psicologico\/","og_site_name":"Franco Mu\u00f1oz A Professional Corporation","article_publisher":"https:\/\/www.facebook.com\/FrancoMunozLawFirm\/","article_published_time":"2025-02-01T01:17:50+00:00","og_image":[{"width":1024,"height":1024,"url":"https:\/\/francomunoz.com\/wp-content\/uploads\/2025\/01\/Psyche-intake.jpg","type":"image\/jpeg"}],"author":"francoadmin","twitter_card":"summary_large_image","twitter_creator":"@FrancoMunozLaw","twitter_site":"@FrancoMunozLaw","twitter_misc":{"Escrito por":"francoadmin","Tiempo de lectura":"4 minutos"},"schema":{"@context":"https:\/\/schema.org","@graph":[{"@type":"Article","@id":"https:\/\/francomunoz.com\/es\/navegando-reclamos-de-compensacion-laboral-por-lesiones-psicologicas-comprendiendo-los-reclamos-por-dano-psicologico\/#article","isPartOf":{"@id":"https:\/\/francomunoz.com\/es\/navegando-reclamos-de-compensacion-laboral-por-lesiones-psicologicas-comprendiendo-los-reclamos-por-dano-psicologico\/"},"author":{"name":"francoadmin","@id":"https:\/\/francomunoz.com\/es\/#\/schema\/person\/2b03249ea85b7bbbc0203921e6cf26ce"},"headline":"Navegando Reclamos de Compensaci\u00f3n Laboral por Lesiones Psicol\u00f3gicas: Comprendiendo los Reclamos por Da\u00f1o Psicol\u00f3gico","datePublished":"2025-02-01T01:17:50+00:00","mainEntityOfPage":{"@id":"https:\/\/francomunoz.com\/es\/navegando-reclamos-de-compensacion-laboral-por-lesiones-psicologicas-comprendiendo-los-reclamos-por-dano-psicologico\/"},"wordCount":802,"publisher":{"@id":"https:\/\/francomunoz.com\/es\/#organization"},"image":{"@id":"https:\/\/francomunoz.com\/es\/navegando-reclamos-de-compensacion-laboral-por-lesiones-psicologicas-comprendiendo-los-reclamos-por-dano-psicologico\/#primaryimage"},"thumbnailUrl":"https:\/\/francomunoz.com\/wp-content\/uploads\/2025\/01\/Psyche-intake.jpg","articleSection":["Abogado de accidentes de tr\u00e1fico","Abogado de Compensaci\u00f3n Laboral","Caso de Compensaci\u00f3n al Trabajador","Compromiso y Liberaci\u00f3n"],"inLanguage":"es"},{"@type":"WebPage","@id":"https:\/\/francomunoz.com\/es\/navegando-reclamos-de-compensacion-laboral-por-lesiones-psicologicas-comprendiendo-los-reclamos-por-dano-psicologico\/","url":"https:\/\/francomunoz.com\/es\/navegando-reclamos-de-compensacion-laboral-por-lesiones-psicologicas-comprendiendo-los-reclamos-por-dano-psicologico\/","name":"Navegando Reclamos de Compensaci\u00f3n Laboral por Lesiones Psicol\u00f3gicas: Comprendiendo los Reclamos por Da\u00f1o Psicol\u00f3gico - Franco Mu\u00f1oz A Professional Corporation","isPartOf":{"@id":"https:\/\/francomunoz.com\/es\/#website"},"primaryImageOfPage":{"@id":"https:\/\/francomunoz.com\/es\/navegando-reclamos-de-compensacion-laboral-por-lesiones-psicologicas-comprendiendo-los-reclamos-por-dano-psicologico\/#primaryimage"},"image":{"@id":"https:\/\/francomunoz.com\/es\/navegando-reclamos-de-compensacion-laboral-por-lesiones-psicologicas-comprendiendo-los-reclamos-por-dano-psicologico\/#primaryimage"},"thumbnailUrl":"https:\/\/francomunoz.com\/wp-content\/uploads\/2025\/01\/Psyche-intake.jpg","datePublished":"2025-02-01T01:17:50+00:00","description":"Explore las complejidades de los reclamos de compensaci\u00f3n laboral por lesiones psicol\u00f3gicas, incluyendo condiciones de salud mental como TEPT y ansiedad causadas por traumas laborales. Aprenda c\u00f3mo manejar estos reclamos y la importancia de la conciencia sobre la salud mental en el lugar de trabajo","breadcrumb":{"@id":"https:\/\/francomunoz.com\/es\/navegando-reclamos-de-compensacion-laboral-por-lesiones-psicologicas-comprendiendo-los-reclamos-por-dano-psicologico\/#breadcrumb"},"inLanguage":"es","potentialAction":[{"@type":"ReadAction","target":["https:\/\/francomunoz.com\/es\/navegando-reclamos-de-compensacion-laboral-por-lesiones-psicologicas-comprendiendo-los-reclamos-por-dano-psicologico\/"]}]},{"@type":"ImageObject","inLanguage":"es","@id":"https:\/\/francomunoz.com\/es\/navegando-reclamos-de-compensacion-laboral-por-lesiones-psicologicas-comprendiendo-los-reclamos-por-dano-psicologico\/#primaryimage","url":"https:\/\/francomunoz.com\/wp-content\/uploads\/2025\/01\/Psyche-intake.jpg","contentUrl":"https:\/\/francomunoz.com\/wp-content\/uploads\/2025\/01\/Psyche-intake.jpg"},{"@type":"BreadcrumbList","@id":"https:\/\/francomunoz.com\/es\/navegando-reclamos-de-compensacion-laboral-por-lesiones-psicologicas-comprendiendo-los-reclamos-por-dano-psicologico\/#breadcrumb","itemListElement":[{"@type":"ListItem","position":1,"name":"Home","item":"https:\/\/francomunoz.com\/es\/"},{"@type":"ListItem","position":2,"name":"Navegando Reclamos de Compensaci\u00f3n Laboral por Lesiones Psicol\u00f3gicas: Comprendiendo los Reclamos por Da\u00f1o Psicol\u00f3gico"}]},{"@type":"WebSite","@id":"https:\/\/francomunoz.com\/es\/#website","url":"https:\/\/francomunoz.com\/es\/","name":"Oakland Workers Comp Attorney | Franco Munoz","description":"Best Workers Compensation Lawyers","publisher":{"@id":"https:\/\/francomunoz.com\/es\/#organization"},"potentialAction":[{"@type":"SearchAction","target":{"@type":"EntryPoint","urlTemplate":"https:\/\/francomunoz.com\/es\/?s={search_term_string}"},"query-input":{"@type":"PropertyValueSpecification","valueRequired":true,"valueName":"search_term_string"}}],"inLanguage":"es"},{"@type":"Organization","@id":"https:\/\/francomunoz.com\/es\/#organization","name":"Franco Munoz, Workers' Compensation Lawyers","url":"https:\/\/francomunoz.com\/es\/","logo":{"@type":"ImageObject","inLanguage":"es","@id":"https:\/\/francomunoz.com\/es\/#\/schema\/logo\/image\/","url":"https:\/\/francomunoz.com\/wp-content\/uploads\/2018\/01\/footer-logo-img.png","contentUrl":"https:\/\/francomunoz.com\/wp-content\/uploads\/2018\/01\/footer-logo-img.png","width":538,"height":84,"caption":"Franco Munoz, Workers' Compensation Lawyers"},"image":{"@id":"https:\/\/francomunoz.com\/es\/#\/schema\/logo\/image\/"},"sameAs":["https:\/\/www.facebook.com\/FrancoMunozLawFirm\/","https:\/\/x.com\/FrancoMunozLaw","https:\/\/www.linkedin.com\/company\/francomunoz\/"],"diversityStaffingReport":"https:\/\/francomunoz.com\/top-workers-compensation-lawyers-california\/diversity-equity-inclusion\/"},{"@type":"Person","@id":"https:\/\/francomunoz.com\/es\/#\/schema\/person\/2b03249ea85b7bbbc0203921e6cf26ce","name":"francoadmin","image":{"@type":"ImageObject","inLanguage":"es","@id":"https:\/\/secure.gravatar.com\/avatar\/8602f9db57af30c9535b14a12ddde3067368d8da46fa47eebc1a3401c432af1e?s=96&d=mm&r=g","url":"https:\/\/secure.gravatar.com\/avatar\/8602f9db57af30c9535b14a12ddde3067368d8da46fa47eebc1a3401c432af1e?s=96&d=mm&r=g","contentUrl":"https:\/\/secure.gravatar.com\/avatar\/8602f9db57af30c9535b14a12ddde3067368d8da46fa47eebc1a3401c432af1e?s=96&d=mm&r=g","caption":"francoadmin"}}]}},"_links":{"self":[{"href":"https:\/\/francomunoz.com\/es\/wp-json\/wp\/v2\/posts\/1657","targetHints":{"allow":["GET"]}}],"collection":[{"href":"https:\/\/francomunoz.com\/es\/wp-json\/wp\/v2\/posts"}],"about":[{"href":"https:\/\/francomunoz.com\/es\/wp-json\/wp\/v2\/types\/post"}],"author":[{"embeddable":true,"href":"https:\/\/francomunoz.com\/es\/wp-json\/wp\/v2\/users\/1"}],"replies":[{"embeddable":true,"href":"https:\/\/francomunoz.com\/es\/wp-json\/wp\/v2\/comments?post=1657"}],"version-history":[{"count":0,"href":"https:\/\/francomunoz.com\/es\/wp-json\/wp\/v2\/posts\/1657\/revisions"}],"wp:attachment":[{"href":"https:\/\/francomunoz.com\/es\/wp-json\/wp\/v2\/media?parent=1657"}],"wp:term":[{"taxonomy":"category","embeddable":true,"href":"https:\/\/francomunoz.com\/es\/wp-json\/wp\/v2\/categories?post=1657"},{"taxonomy":"post_tag","embeddable":true,"href":"https:\/\/francomunoz.com\/es\/wp-json\/wp\/v2\/tags?post=1657"}],"curies":[{"name":"wp","href":"https:\/\/api.w.org\/{rel}","templated":true}]}}